{"id":88,"date":"2013-12-01T12:38:31","date_gmt":"2013-12-01T12:38:31","guid":{"rendered":"https:\/\/energy.aau.at\/wordpress\/?p=88"},"modified":"2013-12-01T13:54:31","modified_gmt":"2013-12-01T13:54:31","slug":"wie-das-intelligente-stromnetz-unser-leben-beeinflusst","status":"publish","type":"post","link":"https:\/\/energy.aau.at\/wordpress\/?p=88","title":{"rendered":"Wie das intelligente Stromnetz unser Leben beeinflusst"},"content":{"rendered":"<p align=\"center\">Antrittsvorlesung<br \/>\nvon<br \/>\nUniv.-Prof. DI Dr. Wilfried Elmenreich<br \/>\nInstitut f\u00fcr Vernetzte und Eingebettete Systeme<br \/>\nFachbereich Smart Grids<br \/>\n12. Dezember 2013<br \/>\n17 Uhr c.t.<br \/>\nAlpen-Adria-Universit\u00e4t Klagenfurt, <a href=\"https:\/\/campus-gis.aau.at\/index.html?printLayerGroup=0&amp;hideSearchPanel=true&amp;curRouteTo=Z.1.29\">Oman-Saal Z.1.29<\/a><\/p>\n<h1>Wie das intelligente Stromnetz unser Leben beeinflusst<\/h1>\n<p>Um einen bewussteren Energieverbrauch zu erm\u00f6glichen und die Abkehr von fossilen Brennstoffen durch Innovationen wie Photovoltaik, Windkraft und Elektromobilit\u00e4t optimal unterst\u00fctzen zu k\u00f6nnen ist eine Erweiterung des Stromnetzes mit Hilfe von Kommunikationstechnologie notwendig.<br \/>\nEin solches intelligentes Stromnetz verspricht bessere Steuerbarkeit, mehr \u00dcbersicht und erm\u00f6glicht in Konsequenz einen gezielteren Energieverbrauch und die Einbindung von dezentral organisierter Stromerzeugung aus erneuerbaren Energien. Der Umstieg auf ein intelligentes Stromnetz wird die Art und Weise wie wir Energie verwenden allerdings ver\u00e4ndern, was weitreichende Konsequenzen bis hin in unser Alltagsleben nach sich zieht.<\/p>\n<h2>Zur Person<\/h2>\n<p><a href=\"https:\/\/energy.aau.at\/wordpress\/wp-content\/uploads\/2013\/11\/wilfried_elmenreich220w.jpg\"><img loading=\"lazy\" decoding=\"async\" class=\"alignright  wp-image-89\" alt=\"wilfried_elmenreich220w\" src=\"https:\/\/energy.aau.at\/wordpress\/wp-content\/uploads\/2013\/11\/wilfried_elmenreich220w.jpg\" width=\"108\" height=\"151\" srcset=\"https:\/\/energy.aau.at\/wordpress\/wp-content\/uploads\/2013\/11\/wilfried_elmenreich220w.jpg 220w, https:\/\/energy.aau.at\/wordpress\/wp-content\/uploads\/2013\/11\/wilfried_elmenreich220w-214x300.jpg 214w\" sizes=\"auto, (max-width: 108px) 100vw, 108px\" \/><\/a>Wilfried Elmenreich ist Professor f\u00fcr Smart Grids an der <a href=\"http:\/\/www.aau.at\">Alpen-Adria-Universit\u00e4t Klagenfurt<\/a>. Er studierte Informatik an der <a href=\"http:\/\/www.tuwien.ac.at\">Technischen Universit\u00e4t Wien<\/a> und erhielt dort 2008 die venia docendi f\u00fcr das Fach Technische Informatik. Ende 2007 wechselte er als Senior Researcher an die Alpen-Adria-Universit\u00e4t Klagenfurt. Nach einer Vertretungsprofessur an der <a href=\"http:\/\/www.uni-passau.de\">Universit\u00e4t Passau<\/a> trat Elmenreich 2013 den Ruf an die Universit\u00e4t Klagenfurt an. Wilfried Elmenreich ist Mitglied des Senats an der Alpen-Adria-Universit\u00e4t Klagenfurt und Counselor des<a href=\"http:\/\/ieee.aau.at\"> IEEE Student Branch<\/a>. Er ist Herausgeber mehrerer B\u00fccher und hat \u00fcber 100 Fachartikel auf dem Gebiet der vernetzen und eingebetteten Systeme ver\u00f6ffentlicht. Elmenreich betreibt Forschungsblogs zu den Themen <a href=\"http:\/\/demesos.blogspot.com\">Selbstorganisierende Systeme<\/a>, <a href=\"http:\/\/smartmicrogrid.blogspot.com\">Smart Grids<\/a> und <a href=\"http:\/\/netwerkt.wordpress.com\">vernetzte eingebettete Systeme<\/a>.<\/p>\n","protected":false},"excerpt":{"rendered":"<p>Antrittsvorlesung von Univ.-Prof. DI Dr. Wilfried Elmenreich Institut f\u00fcr Vernetzte und Eingebettete Systeme Fachbereich Smart Grids 12. Dezember 2013 17 Uhr c.t. Alpen-Adria-Universit\u00e4t Klagenfurt, Oman-Saal Z.1.29 Wie das intelligente Stromnetz unser Leben beeinflusst Um einen bewussteren Energieverbrauch zu erm\u00f6glichen und die Abkehr von fossilen Brennstoffen durch Innovationen wie Photovoltaik, Windkraft und Elektromobilit\u00e4t optimal unterst\u00fctzen zu [&hellip;]<\/p>\n","protected":false},"author":2,"featured_media":0,"comment_status":"open","ping_status":"open","sticky":false,"template":"","format":"standard","meta":{"footnotes":""},"categories":[2],"tags":[8,18,6,20],"class_list":["post-88","post","type-post","status-publish","format-standard","hentry","category-veranstaltung","tag-energiewende","tag-public-acceptance","tag-smart-grid","tag-sustainability"],"_links":{"self":[{"href":"https:\/\/energy.aau.at\/wordpress\/index.php?rest_route=\/wp\/v2\/posts\/88","targetHints":{"allow":["GET"]}}],"collection":[{"href":"https:\/\/energy.aau.at\/wordpress\/index.php?rest_route=\/wp\/v2\/posts"}],"about":[{"href":"https:\/\/energy.aau.at\/wordpress\/index.php?rest_route=\/wp\/v2\/types\/post"}],"author":[{"embeddable":true,"href":"https:\/\/energy.aau.at\/wordpress\/index.php?rest_route=\/wp\/v2\/users\/2"}],"replies":[{"embeddable":true,"href":"https:\/\/energy.aau.at\/wordpress\/index.php?rest_route=%2Fwp%2Fv2%2Fcomments&post=88"}],"version-history":[{"count":13,"href":"https:\/\/energy.aau.at\/wordpress\/index.php?rest_route=\/wp\/v2\/posts\/88\/revisions"}],"predecessor-version":[{"id":104,"href":"https:\/\/energy.aau.at\/wordpress\/index.php?rest_route=\/wp\/v2\/posts\/88\/revisions\/104"}],"wp:attachment":[{"href":"https:\/\/energy.aau.at\/wordpress\/index.php?rest_route=%2Fwp%2Fv2%2Fmedia&parent=88"}],"wp:term":[{"taxonomy":"category","embeddable":true,"href":"https:\/\/energy.aau.at\/wordpress\/index.php?rest_route=%2Fwp%2Fv2%2Fcategories&post=88"},{"taxonomy":"post_tag","embeddable":true,"href":"https:\/\/energy.aau.at\/wordpress\/index.php?rest_route=%2Fwp%2Fv2%2Ftags&post=88"}],"curies":[{"name":"wp","href":"https:\/\/api.w.org\/{rel}","templated":true}]}}